[{"command":"showMoreTeasers","id":"del--paragraph-765249","content":"\u003Ca href=\u0022https:\/\/events.gentner.de\/frontend\/de\/#\/catalog\/course\/1448196?key=s0785k68ydt02s04xposr4hjp8fswjq8jdq\u0022  class=\u0022teaser teaser--standard\u0022 aria-label=\u0022Webinar-Aufzeichnung | GEB Webinar: Bundesf\u00f6rderung effiziente Geb\u00e4ude [12.03.2024]\u0022\u003E\n      \u003Cdiv class=\u0022teaser-content--image\u0022\u003E\n              \u003Cpicture\u003E\n                        \u003Csource srcset=\u0022\/sites\/default\/files\/styles\/teaser_standard__m\/public\/2025-01\/5_2.png.webp?itok=8UagTJY5 1x\u0022 media=\u0022(min-width: 48.0625em) and (max-width: 64em)\u0022 type=\u0022image\/webp\u0022 width=\u0022323\u0022 height=\u0022174\u0022\/\u003E\n                  \u003Csource srcset=\u0022\/sites\/default\/files\/styles\/teaser_standard__l\/public\/2025-01\/5_2.png.webp?itok=KdZS_J6t 1x\u0022 media=\u0022(min-width: 64.0625em)\u0022 type=\u0022image\/webp\u0022 width=\u0022203\u0022 height=\u0022109\u0022\/\u003E\n                  \u003Csource srcset=\u0022\/sites\/default\/files\/styles\/teaser_standard__m\/public\/2025-01\/5_2.png?itok=BKqmGVsn 1x\u0022 media=\u0022(min-width: 48.0625em) and (max-width: 64em)\u0022 type=\u0022image\/png\u0022 width=\u0022323\u0022 height=\u0022174\u0022\/\u003E\n                  \u003Csource srcset=\u0022\/sites\/default\/files\/styles\/teaser_standard__l\/public\/2025-01\/5_2.png?itok=SnTgHHJq 1x\u0022 media=\u0022(min-width: 64.0625em)\u0022 type=\u0022image\/png\u0022 width=\u0022203\u0022 height=\u0022109\u0022\/\u003E\n                          \u003Cimg loading=\u0022eager\u0022 data-caption-hide width=\u0022708\u0022 height=\u0022381\u0022 data-zoomed=\u0022https:\/\/www.future-watt.de\/sites\/default\/files\/styles\/content__zoomed\/public\/2025-01\/5_2.png?itok=WAqPPOvs\u0022 src=\u0022\/sites\/default\/files\/styles\/teaser_standard__s\/public\/2025-01\/5_2.png?itok=U290R_Zz\u0022 alt=\u0022\u0022 title=\u0022Alt-Text: \u0026quot;Euro-Geldscheine und ein Kugelschreiber auf einem Dokument mit dem Schriftzug \u0026#039;F\u00f6rdermittel\u0026#039;, dar\u00fcber ein rot-gelbes Banner mit der Aufschrift \u0026#039;Geb\u00e4ude Energieberater\u0026#039;, symbolisiert Finanzierungsm\u00f6glichkeiten f\u00fcr energieeffiziente Geb\u00e4udeprojekte.\u0022 \/\u003E\n\n    \u003C\/picture\u003E\n    \n\n    \u003C\/div\u003E\n    \u003Cdiv class=\u0022teaser-content\u0022\u003E\n                    \u003Cdiv class=\u0022teaser-content--kicker\u0022\u003E\n                    \n        \u003C\/div\u003E\n                                              \n                        \n        \u003Ch4 class=\u0022teaser-content--headline\u0022\u003E\n                                Webinar-Aufzeichnung | GEB Webinar: Bundesf\u00f6rderung effiziente Geb\u00e4ude \n                              \u003Cspan class=\u0022headline-last-word-arrow\u0022\u003E[12.03.2024]                      \u003C\/span\u003E\n        \u003C\/h4\u003E\n            \u003Cdiv class=\u0022teaser-content--publishing-date\u0022\u003E\u003Ctime datetime=\u00222024-03-12T14:01:55Z\u0022\u003E12.03.2024\u003C\/time\u003E\n\u003C\/div\u003E\u003Cspan class=\u0022teaser-content--publishing-date-divider\u0022\u003E - \u003C\/span\u003E\u003Cdiv class=\u0022teaser-content--body\u0022\u003E\u003Cp\u003EErfahren Sie, wie sich die Bundesf\u00f6rderung f\u00fcr effiziente Geb\u00e4ude (BEG) nach dem Urteil zum Klimaschutzfonds (KTF) ver\u00e4ndert. Im Webinar erl\u00e4utert Lars Klitzke, was 2024 neu ist, wer f\u00fcr welche Programme (KfW, Bafa) zust\u00e4ndig ist und was die Beratungspflicht beim Heizungstausch bedeutet. Au\u00dferdem: Wie geht es weiter mit dem iSFP und der F\u00f6rderung f\u00fcr Energieberatung?\u003C\/p\u003E\n\u003C\/div\u003E\n                        \u003Cspan class=\u0022read-more-arrow-container\u0022\u003E\n            \u003Cspan class=\u0022read-more-angled-arrow\u0022\u003E \u003C\/span\u003E\n          \u003C\/span\u003E\n                  \u003C\/div\u003E\n    \u003C\/a\u003E\n\u003Ca href=\u0022https:\/\/events.gentner.de\/frontend\/de\/#\/catalog\/course\/1454616?key=s0785k68ydt02s04xposr4hjp8fswjq8jdq\u0022  class=\u0022teaser teaser--standard\u0022 aria-label=\u0022Webinar-Aufzeichnung | GEB-Webinar: PVT-W\u00e4rmepumpen-Heizsysteme in Einfamilienh\u00e4usern in der Praxis [16.01.2024]\u0022\u003E\n      \u003Cdiv class=\u0022teaser-content--image\u0022\u003E\n              \u003Cpicture\u003E\n                        \u003Csource srcset=\u0022\/sites\/default\/files\/styles\/teaser_standard__m\/public\/2025-01\/7_1.png.webp?itok=S3SAEZil 1x\u0022 media=\u0022(min-width: 48.0625em) and (max-width: 64em)\u0022 type=\u0022image\/webp\u0022 width=\u0022323\u0022 height=\u0022174\u0022\/\u003E\n                  \u003Csource srcset=\u0022\/sites\/default\/files\/styles\/teaser_standard__l\/public\/2025-01\/7_1.png.webp?itok=MErYx6Xh 1x\u0022 media=\u0022(min-width: 64.0625em)\u0022 type=\u0022image\/webp\u0022 width=\u0022203\u0022 height=\u0022109\u0022\/\u003E\n                  \u003Csource srcset=\u0022\/sites\/default\/files\/styles\/teaser_standard__m\/public\/2025-01\/7_1.png?itok=QpltqmeI 1x\u0022 media=\u0022(min-width: 48.0625em) and (max-width: 64em)\u0022 type=\u0022image\/png\u0022 width=\u0022323\u0022 height=\u0022174\u0022\/\u003E\n                  \u003Csource srcset=\u0022\/sites\/default\/files\/styles\/teaser_standard__l\/public\/2025-01\/7_1.png?itok=KAO0nvjS 1x\u0022 media=\u0022(min-width: 64.0625em)\u0022 type=\u0022image\/png\u0022 width=\u0022203\u0022 height=\u0022109\u0022\/\u003E\n                          \u003Cimg loading=\u0022eager\u0022 data-caption-hide width=\u0022708\u0022 height=\u0022381\u0022 data-zoomed=\u0022https:\/\/www.future-watt.de\/sites\/default\/files\/styles\/content__zoomed\/public\/2025-01\/7_1.png?itok=9JXhoin4\u0022 src=\u0022\/sites\/default\/files\/styles\/teaser_standard__s\/public\/2025-01\/7_1.png?itok=mWr8VRxz\u0022 alt=\u0022\u0022 title=\u0022Alt-Text: \u201eZiegelbau mit Solarmodulen auf dem Dach, symbolisierend nachhaltige Energieversorgung und Geb\u00e4udetechnik. Im Vordergrund ein gepflegter Rasen und Au\u00dfenm\u00f6bel, dargestellt als idealer Anwendungsfall f\u00fcr energieeffiziente Neubauten und Sanierungen. Ein rotes \u201aGeb\u00e4ude Energieberater\u2018 Banner unterstreicht die Themen F\u00f6rderung, GEG und technische Geb\u00e4udeausr\u00fcstung f\u00fcr Fachleute aus Architektur und Handwerk.\u0022 \/\u003E\n\n    \u003C\/picture\u003E\n    \n\n    \u003C\/div\u003E\n    \u003Cdiv class=\u0022teaser-content\u0022\u003E\n                    \u003Cdiv class=\u0022teaser-content--kicker\u0022\u003E\n                    \n        \u003C\/div\u003E\n                                              \n                        \n        \u003Ch4 class=\u0022teaser-content--headline\u0022\u003E\n                                Webinar-Aufzeichnung | GEB-Webinar: PVT-W\u00e4rmepumpen-Heizsysteme in Einfamilienh\u00e4usern in der Praxis \n                              \u003Cspan class=\u0022headline-last-word-arrow\u0022\u003E[16.01.2024]                      \u003C\/span\u003E\n        \u003C\/h4\u003E\n            \u003Cdiv class=\u0022teaser-content--publishing-date\u0022\u003E\u003Ctime datetime=\u00222024-01-22T08:10:32Z\u0022\u003E22.01.2024\u003C\/time\u003E\n\u003C\/div\u003E\u003Cspan class=\u0022teaser-content--publishing-date-divider\u0022\u003E - \u003C\/span\u003E\u003Cdiv class=\u0022teaser-content--body\u0022\u003E\u003Cp\u003EErfahren Sie von unseren Experten, pr\u00e4sentiert am 16.01.2024, alles \u00fcber die neuesten Entwicklungen in PVT-Systemen und effizienten W\u00e4rmepumpentechnologien. Entdecken Sie, wie das neue Geb\u00e4udeenergiegesetz den Heizungsmarkt ver\u00e4ndert und welche Vorteile PVT-W\u00e4rmepumpen bieten. Sichern Sie sich jetzt Zugang zur Aufzeichnung f\u00fcr tiefergehende Einblicke und praktische Anwendungsbeispiele!\u003C\/p\u003E\n\u003C\/div\u003E\n                        \u003Cspan class=\u0022read-more-arrow-container\u0022\u003E\n            \u003Cspan class=\u0022read-more-angled-arrow\u0022\u003E \u003C\/span\u003E\n          \u003C\/span\u003E\n                  \u003C\/div\u003E\n    \u003C\/a\u003E\n\u003Ca href=\u0022https:\/\/www.erneuerbareenergien.de\/transformation\/speicher\/webinar-aufzeichnung-wie-kombiniere-ich-speicherkraftwerke-richtig-mit-photovoltaik\u0022  class=\u0022teaser teaser--standard\u0022 aria-label=\u0022Webinar-Aufzeichnung: Wie kombiniere ich Speicherkraftwerke richtig mit Photovoltaik?\u0022\u003E\n      \u003Cdiv class=\u0022teaser-content--image\u0022\u003E\n              \u003Cpicture\u003E\n                        \u003Csource srcset=\u0022\/sites\/default\/files\/styles\/teaser_standard__m\/public\/2025-02\/ere-vorlage.png.webp?itok=mTcpsBwJ 1x\u0022 media=\u0022(min-width: 48.0625em) and (max-width: 64em)\u0022 type=\u0022image\/webp\u0022 width=\u0022323\u0022 height=\u0022174\u0022\/\u003E\n                  \u003Csource srcset=\u0022\/sites\/default\/files\/styles\/teaser_standard__l\/public\/2025-02\/ere-vorlage.png.webp?itok=bsF0u5LO 1x\u0022 media=\u0022(min-width: 64.0625em)\u0022 type=\u0022image\/webp\u0022 width=\u0022203\u0022 height=\u0022109\u0022\/\u003E\n                  \u003Csource srcset=\u0022\/sites\/default\/files\/styles\/teaser_standard__m\/public\/2025-02\/ere-vorlage.png?itok=CYWcCYZE 1x\u0022 media=\u0022(min-width: 48.0625em) and (max-width: 64em)\u0022 type=\u0022image\/png\u0022 width=\u0022323\u0022 height=\u0022174\u0022\/\u003E\n                  \u003Csource srcset=\u0022\/sites\/default\/files\/styles\/teaser_standard__l\/public\/2025-02\/ere-vorlage.png?itok=3nnCLK0h 1x\u0022 media=\u0022(min-width: 64.0625em)\u0022 type=\u0022image\/png\u0022 width=\u0022203\u0022 height=\u0022109\u0022\/\u003E\n                          \u003Cimg loading=\u0022eager\u0022 data-caption-hide width=\u0022708\u0022 height=\u0022381\u0022 data-zoomed=\u0022https:\/\/www.future-watt.de\/sites\/default\/files\/styles\/content__zoomed\/public\/2025-02\/ere-vorlage.png?itok=ChLqtIaG\u0022 src=\u0022\/sites\/default\/files\/styles\/teaser_standard__s\/public\/2025-02\/ere-vorlage.png?itok=6Q6c52N4\u0022 alt=\u0022\u0022 title=\u0022Alt-Text: \u201eElektrische Umspannstationen auf einer gr\u00fcnen Wiese vor einer Baumreihe, ausgestattet mit FusionSolar-Technologie f\u00fcr effiziente Solarenergie-Nutzung, dargestellt durch Logos von Huawei. Geeignet f\u00fcr Investoren und Betreiber erneuerbarer Energieprojekte zur Optimierung ihrer Photovoltaik-Infrastrukturen.\u0022 \/\u003E\n\n    \u003C\/picture\u003E\n    \n\n    \u003C\/div\u003E\n    \u003Cdiv class=\u0022teaser-content\u0022\u003E\n                    \u003Cdiv class=\u0022teaser-content--kicker\u0022\u003E\n                    \n        \u003C\/div\u003E\n                                              \n                        \n        \u003Ch4 class=\u0022teaser-content--headline\u0022\u003E\n                                Webinar-Aufzeichnung: Wie kombiniere ich Speicherkraftwerke richtig mit \n                              \u003Cspan class=\u0022headline-last-word-arrow\u0022\u003EPhotovoltaik?                      \u003C\/span\u003E\n        \u003C\/h4\u003E\n            \u003Cdiv class=\u0022teaser-content--publishing-date\u0022\u003E\u003Ctime datetime=\u00222023-12-02T08:05:04Z\u0022\u003E02.12.2023\u003C\/time\u003E\n\u003C\/div\u003E\u003Cspan class=\u0022teaser-content--publishing-date-divider\u0022\u003E - \u003C\/span\u003E\u003Cdiv class=\u0022teaser-content--body\u0022\u003E\u003Cp\u003EWie einfach und schnell k\u00f6nnen Entwickler und Energieversorger Batteriespeicher in allen Gr\u00f6\u00dfenordnungen an das Mittel- und Hochspannungsnetz bringen und welche Vorteile bietet die Smart String Architektur um das Batteriespeichersystem besser ausnutzen zu k\u00f6nnen und gleichzeitig die Verf\u00fcgbarkeit zu erh\u00f6hen? Ein Markt- und Technikexperte von Huawei erkl\u00e4rt es in dieser kostenlosen Webinar-Aufzeichnung.\u003C\/p\u003E\n\u003C\/div\u003E\n                        \u003Cspan class=\u0022read-more-arrow-container\u0022\u003E\n            \u003Cspan class=\u0022read-more-angled-arrow\u0022\u003E \u003C\/span\u003E\n          \u003C\/span\u003E\n                  \u003C\/div\u003E\n    \u003C\/a\u003E\n\u003Ca href=\u0022https:\/\/www.erneuerbareenergien.de\/webinar-huawei-fusionsolar\u0022  class=\u0022teaser teaser--standard\u0022 aria-label=\u0022Webinar am 21. September: So sicher bringen Stadtwerke und Co. die PV-Kapazit\u00e4ten ans gro\u00dfe Netz\u0022\u003E\n      \u003Cdiv class=\u0022teaser-content--image\u0022\u003E\n        \u003Cfigure class=\u0022image--figure\u0022\u003E\n        \u003Cpicture\u003E\n                        \u003Csource srcset=\u0022\/sites\/default\/files\/styles\/teaser_standard__m\/public\/aurora\/2023\/09\/310074.png.webp?itok=PdOAM1L- 1x\u0022 media=\u0022(min-width: 48.0625em) and (max-width: 64em)\u0022 type=\u0022image\/webp\u0022 width=\u0022323\u0022 height=\u0022182\u0022\/\u003E\n                  \u003Csource srcset=\u0022\/sites\/default\/files\/styles\/teaser_standard__l\/public\/aurora\/2023\/09\/310074.png.webp?itok=fIeipPKJ 1x\u0022 media=\u0022(min-width: 64.0625em)\u0022 type=\u0022image\/webp\u0022 width=\u0022203\u0022 height=\u0022114\u0022\/\u003E\n                  \u003Csource srcset=\u0022\/sites\/default\/files\/styles\/teaser_standard__m\/public\/aurora\/2023\/09\/310074.png?itok=q25PniGM 1x\u0022 media=\u0022(min-width: 48.0625em) and (max-width: 64em)\u0022 type=\u0022image\/png\u0022 width=\u0022323\u0022 height=\u0022182\u0022\/\u003E\n                  \u003Csource srcset=\u0022\/sites\/default\/files\/styles\/teaser_standard__l\/public\/aurora\/2023\/09\/310074.png?itok=aJJF9oOK 1x\u0022 media=\u0022(min-width: 64.0625em)\u0022 type=\u0022image\/png\u0022 width=\u0022203\u0022 height=\u0022114\u0022\/\u003E\n                          \u003Cimg alt=\u0022Zuverl\u00e4ssige Leistungselektronik macht einen Solarpark zur sicheren Investition.\u0022 loading=\u0022eager\u0022 data-caption-hide width=\u0022560\u0022 height=\u0022315\u0022 data-zoomed=\u0022https:\/\/www.future-watt.de\/sites\/default\/files\/styles\/content__zoomed\/public\/aurora\/2023\/09\/310074.png?itok=fCmYHTVu\u0022 src=\u0022\/sites\/default\/files\/styles\/teaser_standard__s\/public\/aurora\/2023\/09\/310074.png?itok=D962TI9N\u0022 title=\u0022\u00a9 Huawei Fusion Solar\n\u0022 \/\u003E\n\n    \u003C\/picture\u003E\n      \u003Cfigcaption class=\u0022image--figcaption\u0022\u003E\n          \u003Cdiv class=\u0022copyright\u0022\u003EHuawei Fusion Solar\n\u003C\/div\u003E\n          \u003C\/figcaption\u003E\n\u003C\/figure\u003E\n\n\n    \u003C\/div\u003E\n    \u003Cdiv class=\u0022teaser-content\u0022\u003E\n                    \u003Cdiv class=\u0022teaser-content--kicker\u0022\u003E\n                    \n        \u003C\/div\u003E\n                                              \n                        \n        \u003Ch4 class=\u0022teaser-content--headline\u0022\u003E\n                                Webinar am 21. September: So sicher bringen Stadtwerke und Co. die PV-Kapazit\u00e4ten ans gro\u00dfe \n                              \u003Cspan class=\u0022headline-last-word-arrow\u0022\u003ENetz                      \u003C\/span\u003E\n        \u003C\/h4\u003E\n            \u003Cdiv class=\u0022teaser-content--publishing-date\u0022\u003E\u003Ctime datetime=\u00222023-09-19T16:52:20Z\u0022\u003E19.09.2023\u003C\/time\u003E\n\u003C\/div\u003E\u003Cspan class=\u0022teaser-content--publishing-date-divider\u0022\u003E - \u003C\/span\u003E\u003Cdiv class=\u0022teaser-content--body\u0022\u003E\u003Cp\u003EWie einfach und schnell k\u00f6nnen Energieversorger gro\u00dfe Solarfelder ans Hochspannungsnetz bringen und welche Garantien bieten kluge Trafo- und Wechselrichtertechnik? Ein Technikexperte von Huawei erkl\u00e4rt es in diesem kostenlosen Webinar.\u003C\/p\u003E\n\u003C\/div\u003E\n                        \u003Cspan class=\u0022read-more-arrow-container\u0022\u003E\n            \u003Cspan class=\u0022read-more-angled-arrow\u0022\u003E \u003C\/span\u003E\n          \u003C\/span\u003E\n                  \u003C\/div\u003E\n    \u003C\/a\u003E\n\u003Ca href=\u0022https:\/\/events.gentner.de\/frontend\/de\/#\/catalog\/course\/1448182?key=s0785k68ydt02s04xposr4hjp8fswjq8jdq\u0022  class=\u0022teaser teaser--standard\u0022 aria-label=\u0022Webinar-Aufzeichnung - GEB-Webinar - Montage von Fenstern und T\u00fcren nach dem Stand der Technik - Was bei Planung und Ausf\u00fchrung im Fall der Teilsanierung in Altbauten zu beachten ist [05.09.2023]\u0022\u003E\n      \u003Cdiv class=\u0022teaser-content--image\u0022\u003E\n              \u003Cpicture\u003E\n                        \u003Csource srcset=\u0022\/sites\/default\/files\/styles\/teaser_standard__m\/public\/2025-01\/4_3.png.webp?itok=Nakrjh26 1x\u0022 media=\u0022(min-width: 48.0625em) and (max-width: 64em)\u0022 type=\u0022image\/webp\u0022 width=\u0022323\u0022 height=\u0022174\u0022\/\u003E\n                  \u003Csource srcset=\u0022\/sites\/default\/files\/styles\/teaser_standard__l\/public\/2025-01\/4_3.png.webp?itok=IxhNrHLd 1x\u0022 media=\u0022(min-width: 64.0625em)\u0022 type=\u0022image\/webp\u0022 width=\u0022203\u0022 height=\u0022109\u0022\/\u003E\n                  \u003Csource srcset=\u0022\/sites\/default\/files\/styles\/teaser_standard__m\/public\/2025-01\/4_3.png?itok=-JAAjDJo 1x\u0022 media=\u0022(min-width: 48.0625em) and (max-width: 64em)\u0022 type=\u0022image\/png\u0022 width=\u0022323\u0022 height=\u0022174\u0022\/\u003E\n                  \u003Csource srcset=\u0022\/sites\/default\/files\/styles\/teaser_standard__l\/public\/2025-01\/4_3.png?itok=-gBq2zmK 1x\u0022 media=\u0022(min-width: 64.0625em)\u0022 type=\u0022image\/png\u0022 width=\u0022203\u0022 height=\u0022109\u0022\/\u003E\n                          \u003Cimg loading=\u0022eager\u0022 data-caption-hide width=\u0022708\u0022 height=\u0022381\u0022 data-zoomed=\u0022https:\/\/www.future-watt.de\/sites\/default\/files\/styles\/content__zoomed\/public\/2025-01\/4_3.png?itok=sK4FVkSJ\u0022 src=\u0022\/sites\/default\/files\/styles\/teaser_standard__s\/public\/2025-01\/4_3.png?itok=iHb6wUAA\u0022 alt=\u0022\u0022 title=\u0022Alt-Text: \u201eEin modernes Wohngeb\u00e4ude mit Photovoltaikanlage auf dem Dach. Ein Facharbeiter \u00fcberpr\u00fcft die Installationen nahe einer gro\u00dfen Schiebet\u00fcr, was nachhaltige Energiegewinnung und Integration energieeffizienter Systeme in die Geb\u00e4udeh\u00fclle verdeutlicht.\u0022 \/\u003E\n\n    \u003C\/picture\u003E\n    \n\n    \u003C\/div\u003E\n    \u003Cdiv class=\u0022teaser-content\u0022\u003E\n                    \u003Cdiv class=\u0022teaser-content--kicker\u0022\u003E\n                    \n        \u003C\/div\u003E\n                                              \n                        \n        \u003Ch4 class=\u0022teaser-content--headline\u0022\u003E\n                                Webinar-Aufzeichnung - GEB-Webinar - Montage von Fenstern und T\u00fcren nach dem Stand der Technik - Was bei Planung und Ausf\u00fchrung im Fall der Teilsanierung in Altbauten zu beachten ist \n                              \u003Cspan class=\u0022headline-last-word-arrow\u0022\u003E[05.09.2023]                      \u003C\/span\u003E\n        \u003C\/h4\u003E\n            \u003Cdiv class=\u0022teaser-content--publishing-date\u0022\u003E\u003Ctime datetime=\u00222023-09-12T16:09:02Z\u0022\u003E12.09.2023\u003C\/time\u003E\n\u003C\/div\u003E\u003Cspan class=\u0022teaser-content--publishing-date-divider\u0022\u003E - \u003C\/span\u003E\u003Cdiv class=\u0022teaser-content--body\u0022\u003E\u003Cp\u003EM\u00f6chten Sie wissen, wie Sie Fenster und T\u00fcren bei Teilsanierungen in Altbauten fachgerecht montieren? Unsere Experten haben am 05.09.2023 alle wichtigen Aspekte beleuchtet \u2013 von der Auswahl der richtigen Bauelemente \u00fcber bauphysikalische Gesichtspunkte bis hin zu Tipps f\u00fcr W\u00e4rmeschutz und Einbruchssicherheit. Tauchen Sie ein in die Welt der modernen Sanierung und holen Sie sich in unserer Webinar-Aufzeichnung wertvolles Know-how!\u003C\/p\u003E\n\u003C\/div\u003E\n                        \u003Cspan class=\u0022read-more-arrow-container\u0022\u003E\n            \u003Cspan class=\u0022read-more-angled-arrow\u0022\u003E \u003C\/span\u003E\n          \u003C\/span\u003E\n                  \u003C\/div\u003E\n    \u003C\/a\u003E\n\u003Ca href=\u0022https:\/\/www.erneuerbareenergien.de\/transformation\/netze\/trend-und-webinar-wie-pv-freiflaechen-bis-100-megawatt-spannend-fuer-stadtwerke-werden\u0022  class=\u0022teaser teaser--standard\u0022 aria-label=\u0022Trend und Webinar: Wie PV-Freifl\u00e4chen bis 100 Megawatt spannend f\u00fcr Stadtwerke werden\u0022\u003E\n      \u003Cdiv class=\u0022teaser-content--image\u0022\u003E\n        \u003Cfigure class=\u0022image--figure\u0022\u003E\n        \u003Cpicture\u003E\n                        \u003Csource srcset=\u0022\/sites\/default\/files\/styles\/teaser_standard__m\/public\/aurora\/2023\/08\/304204.jpeg.webp?itok=9Iu2Ep3Y 1x\u0022 media=\u0022(min-width: 48.0625em) and (max-width: 64em)\u0022 type=\u0022image\/webp\u0022 width=\u0022323\u0022 height=\u0022242\u0022\/\u003E\n                  \u003Csource srcset=\u0022\/sites\/default\/files\/styles\/teaser_standard__l\/public\/aurora\/2023\/08\/304204.jpeg.webp?itok=CMOZo0_Z 1x\u0022 media=\u0022(min-width: 64.0625em)\u0022 type=\u0022image\/webp\u0022 width=\u0022203\u0022 height=\u0022152\u0022\/\u003E\n                  \u003Csource srcset=\u0022\/sites\/default\/files\/styles\/teaser_standard__m\/public\/aurora\/2023\/08\/304204.jpeg?itok=-XCbeVdh 1x\u0022 media=\u0022(min-width: 48.0625em) and (max-width: 64em)\u0022 type=\u0022image\/jpeg\u0022 width=\u0022323\u0022 height=\u0022242\u0022\/\u003E\n                  \u003Csource srcset=\u0022\/sites\/default\/files\/styles\/teaser_standard__l\/public\/aurora\/2023\/08\/304204.jpeg?itok=RJm-NJrd 1x\u0022 media=\u0022(min-width: 64.0625em)\u0022 type=\u0022image\/jpeg\u0022 width=\u0022203\u0022 height=\u0022152\u0022\/\u003E\n                          \u003Cimg alt=\u0022Richard Verdezki, Mitte, erkl\u00e4rt neue Wechselrichter- und Transformatorentechnologie der Utility-Klasse.\u0022 loading=\u0022eager\u0022 data-caption-hide width=\u0022531\u0022 height=\u0022398\u0022 data-zoomed=\u0022https:\/\/www.future-watt.de\/sites\/default\/files\/styles\/content__zoomed\/public\/aurora\/2023\/08\/304204.jpeg?itok=mU0NPWmC\u0022 src=\u0022\/sites\/default\/files\/styles\/teaser_standard__s\/public\/aurora\/2023\/08\/304204.jpeg?itok=ThUvij1o\u0022 title=\u0022\u00a9 Huawei FusionSolar\n\u0022 \/\u003E\n\n    \u003C\/picture\u003E\n      \u003Cfigcaption class=\u0022image--figcaption\u0022\u003E\n          \u003Cdiv class=\u0022copyright\u0022\u003EHuawei FusionSolar\n\u003C\/div\u003E\n          \u003C\/figcaption\u003E\n\u003C\/figure\u003E\n\n\n    \u003C\/div\u003E\n    \u003Cdiv class=\u0022teaser-content\u0022\u003E\n                    \u003Cdiv class=\u0022teaser-content--kicker\u0022\u003E\n                    \n        \u003C\/div\u003E\n                                              \n                        \n        \u003Ch4 class=\u0022teaser-content--headline\u0022\u003E\n                                Trend und Webinar: Wie PV-Freifl\u00e4chen bis 100 Megawatt spannend f\u00fcr Stadtwerke \n                              \u003Cspan class=\u0022headline-last-word-arrow\u0022\u003Ewerden                      \u003C\/span\u003E\n        \u003C\/h4\u003E\n            \u003Cdiv class=\u0022teaser-content--publishing-date\u0022\u003E\u003Ctime datetime=\u00222023-08-28T21:32:56Z\u0022\u003E28.08.2023\u003C\/time\u003E\n\u003C\/div\u003E\u003Cspan class=\u0022teaser-content--publishing-date-divider\u0022\u003E - \u003C\/span\u003E\u003Cdiv class=\u0022teaser-content--body\u0022\u003E\u003Cp\u003ENoch sind gro\u00dfe Photovoltaikprojekte wie das der Stadtwerke Trier rar bei Kommunalunternehmen. Spezialumrichter bef\u00f6rdern nun den Versorgermarkt, wie dieses Webinar lehrt.\u003C\/p\u003E\n\u003C\/div\u003E\n                        \u003Cspan class=\u0022read-more-arrow-container\u0022\u003E\n            \u003Cspan class=\u0022read-more-angled-arrow\u0022\u003E \u003C\/span\u003E\n          \u003C\/span\u003E\n                  \u003C\/div\u003E\n    \u003C\/a\u003E\n\u003Ca href=\u0022https:\/\/www.erneuerbareenergien.de\/energiemarkt\/energierecht\/webinar-zu-cybersecurity-und-kritis-jetzt-abrufen\u0022  class=\u0022teaser teaser--standard\u0022 aria-label=\u0022Webinar zu Cybersecurity und\u00a0Kritis jetzt abrufen\u0022\u003E\n      \u003Cdiv class=\u0022teaser-content--image\u0022\u003E\n        \u003Cfigure class=\u0022image--figure\u0022\u003E\n        \u003Cpicture\u003E\n                        \u003Csource srcset=\u0022\/sites\/default\/files\/styles\/teaser_standard__m\/public\/aurora\/2023\/08\/298823.jpeg.webp?itok=GpeI0XQD 1x\u0022 media=\u0022(min-width: 48.0625em) and (max-width: 64em)\u0022 type=\u0022image\/webp\u0022 width=\u0022323\u0022 height=\u0022157\u0022\/\u003E\n                  \u003Csource srcset=\u0022\/sites\/default\/files\/styles\/teaser_standard__l\/public\/aurora\/2023\/08\/298823.jpeg.webp?itok=4AezZrrg 1x\u0022 media=\u0022(min-width: 64.0625em)\u0022 type=\u0022image\/webp\u0022 width=\u0022203\u0022 height=\u002299\u0022\/\u003E\n                  \u003Csource srcset=\u0022\/sites\/default\/files\/styles\/teaser_standard__m\/public\/aurora\/2023\/08\/298823.jpeg?itok=4ENRIpEE 1x\u0022 media=\u0022(min-width: 48.0625em) and (max-width: 64em)\u0022 type=\u0022image\/jpeg\u0022 width=\u0022323\u0022 height=\u0022157\u0022\/\u003E\n                  \u003Csource srcset=\u0022\/sites\/default\/files\/styles\/teaser_standard__l\/public\/aurora\/2023\/08\/298823.jpeg?itok=FjZLXtdO 1x\u0022 media=\u0022(min-width: 64.0625em)\u0022 type=\u0022image\/jpeg\u0022 width=\u0022203\u0022 height=\u002299\u0022\/\u003E\n                          \u003Cimg alt=\u0022Webinar zu Cybersecurity und Digitalisierung \u2013 jetzt ansehen!\u0022 loading=\u0022eager\u0022 data-caption-hide width=\u0022708\u0022 height=\u0022345\u0022 data-zoomed=\u0022https:\/\/www.future-watt.de\/sites\/default\/files\/styles\/content__zoomed\/public\/aurora\/2023\/08\/298823.jpeg?itok=Tr7JeAzW\u0022 src=\u0022\/sites\/default\/files\/styles\/teaser_standard__s\/public\/aurora\/2023\/08\/298823.jpeg?itok=BglpoMV9\u0022 title=\u0022\u00a9 leowolfert - stock.adobe.com\n\u0022 \/\u003E\n\n    \u003C\/picture\u003E\n      \u003Cfigcaption class=\u0022image--figcaption\u0022\u003E\n          \u003Cdiv class=\u0022copyright\u0022\u003Eleowolfert - stock.adobe.com\n\u003C\/div\u003E\n          \u003C\/figcaption\u003E\n\u003C\/figure\u003E\n\n\n    \u003C\/div\u003E\n    \u003Cdiv class=\u0022teaser-content\u0022\u003E\n                    \u003Cdiv class=\u0022teaser-content--kicker\u0022\u003E\n                    \n        \u003C\/div\u003E\n                                              \n                        \n        \u003Ch4 class=\u0022teaser-content--headline\u0022\u003E\n                                Webinar zu Cybersecurity und\u00a0Kritis jetzt \n                              \u003Cspan class=\u0022headline-last-word-arrow\u0022\u003Eabrufen                      \u003C\/span\u003E\n        \u003C\/h4\u003E\n            \u003Cdiv class=\u0022teaser-content--publishing-date\u0022\u003E\u003Ctime datetime=\u00222023-08-02T07:24:15Z\u0022\u003E02.08.2023\u003C\/time\u003E\n\u003C\/div\u003E\u003Cspan class=\u0022teaser-content--publishing-date-divider\u0022\u003E - \u003C\/span\u003E\u003Cdiv class=\u0022teaser-content--body\u0022\u003E\u003Cp\u003ENeue gesetzliche Vorgaben verlangen von Unternehmen Anpassungen in Sachen IT-Sicherheit und Kritische Infrastruktur. Bei Nicht-Beachtung drohen Strafen in Millionen-H\u00f6he. Die Aufzeichnung unseres Webinars gibt Aufschluss.\u003C\/p\u003E\n\u003C\/div\u003E\n                        \u003Cspan class=\u0022read-more-arrow-container\u0022\u003E\n            \u003Cspan class=\u0022read-more-angled-arrow\u0022\u003E \u003C\/span\u003E\n          \u003C\/span\u003E\n                  \u003C\/div\u003E\n    \u003C\/a\u003E\n\u003Ca href=\u0022https:\/\/events.gentner.de\/frontend\/de\/#\/catalog\/course\/1448245?key=s0785k68ydt02s04xposr4hjp8fswjq8jdq\u0022  class=\u0022teaser teaser--standard\u0022 aria-label=\u0022Webinar-Aufzeichnung - GEB-Webinar: Hybride Heizsysteme mit W\u00e4rmepumpen [23.05.2023]\u0022\u003E\n      \u003Cdiv class=\u0022teaser-content--image\u0022\u003E\n              \u003Cpicture\u003E\n                        \u003Csource srcset=\u0022\/sites\/default\/files\/styles\/teaser_standard__m\/public\/2025-01\/geb-vorlage-1.png.webp?itok=UW5L1ySV 1x\u0022 media=\u0022(min-width: 48.0625em) and (max-width: 64em)\u0022 type=\u0022image\/webp\u0022 width=\u0022323\u0022 height=\u0022174\u0022\/\u003E\n                  \u003Csource srcset=\u0022\/sites\/default\/files\/styles\/teaser_standard__l\/public\/2025-01\/geb-vorlage-1.png.webp?itok=HBtpit-- 1x\u0022 media=\u0022(min-width: 64.0625em)\u0022 type=\u0022image\/webp\u0022 width=\u0022203\u0022 height=\u0022109\u0022\/\u003E\n                  \u003Csource srcset=\u0022\/sites\/default\/files\/styles\/teaser_standard__m\/public\/2025-01\/geb-vorlage-1.png?itok=_tpctjIm 1x\u0022 media=\u0022(min-width: 48.0625em) and (max-width: 64em)\u0022 type=\u0022image\/png\u0022 width=\u0022323\u0022 height=\u0022174\u0022\/\u003E\n                  \u003Csource srcset=\u0022\/sites\/default\/files\/styles\/teaser_standard__l\/public\/2025-01\/geb-vorlage-1.png?itok=PfcIwfsQ 1x\u0022 media=\u0022(min-width: 64.0625em)\u0022 type=\u0022image\/png\u0022 width=\u0022203\u0022 height=\u0022109\u0022\/\u003E\n                          \u003Cimg loading=\u0022eager\u0022 data-caption-hide width=\u0022708\u0022 height=\u0022381\u0022 data-zoomed=\u0022https:\/\/www.future-watt.de\/sites\/default\/files\/styles\/content__zoomed\/public\/2025-01\/geb-vorlage-1.png?itok=xyZ1WtAI\u0022 src=\u0022\/sites\/default\/files\/styles\/teaser_standard__s\/public\/2025-01\/geb-vorlage-1.png?itok=KZI5TYKI\u0022 alt=\u0022\u0022 title=\u0022Alt-Text: \u0026quot;Ansicht einer Au\u00dfenklimaanlage neben einem Geb\u00e4ude, mit Markenlogos f\u00fcr Daikin und GeoSOL sowie dem Schriftzug \u0026#039;Geb\u00e4ude Energieberater\u0026#039;. Die Installation symbolisiert moderne Anlagentechnik und bel\u00fcftungstechnische L\u00f6sungen im Kontext der technischen Geb\u00e4udeausr\u00fcstung.\u0022 \/\u003E\n\n    \u003C\/picture\u003E\n    \n\n    \u003C\/div\u003E\n    \u003Cdiv class=\u0022teaser-content\u0022\u003E\n                    \u003Cdiv class=\u0022teaser-content--kicker\u0022\u003E\n                    \n        \u003C\/div\u003E\n                                              \n                        \n        \u003Ch4 class=\u0022teaser-content--headline\u0022\u003E\n                                Webinar-Aufzeichnung - GEB-Webinar: Hybride Heizsysteme mit W\u00e4rmepumpen \n                              \u003Cspan class=\u0022headline-last-word-arrow\u0022\u003E[23.05.2023]                      \u003C\/span\u003E\n        \u003C\/h4\u003E\n            \u003Cdiv class=\u0022teaser-content--publishing-date\u0022\u003E\u003Ctime datetime=\u00222023-06-02T09:32:11Z\u0022\u003E02.06.2023\u003C\/time\u003E\n\u003C\/div\u003E\u003Cspan class=\u0022teaser-content--publishing-date-divider\u0022\u003E - \u003C\/span\u003E\u003Cdiv class=\u0022teaser-content--body\u0022\u003E\u003Cp\u003EIn dieser Aufzeichnung wird der aktuelle Stand der gesetzlichen Vorgaben zur Nutzung erneuerbarer Energien beim Heizen beleuchtet. Ab 2024 m\u00fcssen neue Heizungsanlagen 65 Prozent der W\u00e4rme aus erneuerbaren Quellen decken. Um dieses Ziel zu erreichen, bieten sich Hybridheizungen mit W\u00e4rmepumpen an. Erfahren Sie in unserem Webinar, welche Unterschiede es gibt, welche Vor- und Nachteile diese Systeme mit sich bringen und welche Optionen der Heizungsmarkt bietet.\u003C\/p\u003E\n\u003C\/div\u003E\n                        \u003Cspan class=\u0022read-more-arrow-container\u0022\u003E\n            \u003Cspan class=\u0022read-more-angled-arrow\u0022\u003E \u003C\/span\u003E\n          \u003C\/span\u003E\n                  \u003C\/div\u003E\n    \u003C\/a\u003E\n\u003Ca href=\u0022https:\/\/www.erneuerbareenergien.de\/energiemarkt\/finanzierung\/die-geldfluesse-unter-kontrolle-behalten-aufzeichnung-des-webinars-jetzt-verfuegbar\u0022  class=\u0022teaser teaser--standard\u0022 aria-label=\u0022Die Geldfl\u00fcsse unter Kontrolle behalten \u2013 Aufzeichnung des Webinars jetzt verf\u00fcgbar\u0022\u003E\n      \u003Cdiv class=\u0022teaser-content--image\u0022\u003E\n        \u003Cfigure class=\u0022image--figure\u0022\u003E\n        \u003Cpicture\u003E\n                        \u003Csource srcset=\u0022\/sites\/default\/files\/styles\/teaser_standard__m\/public\/aurora\/2023\/05\/283454.jpeg.webp?itok=Vta0g01_ 1x\u0022 media=\u0022(min-width: 48.0625em) and (max-width: 64em)\u0022 type=\u0022image\/webp\u0022 width=\u0022323\u0022 height=\u0022182\u0022\/\u003E\n                  \u003Csource srcset=\u0022\/sites\/default\/files\/styles\/teaser_standard__l\/public\/aurora\/2023\/05\/283454.jpeg.webp?itok=c9trLAsu 1x\u0022 media=\u0022(min-width: 64.0625em)\u0022 type=\u0022image\/webp\u0022 width=\u0022203\u0022 height=\u0022114\u0022\/\u003E\n                  \u003Csource srcset=\u0022\/sites\/default\/files\/styles\/teaser_standard__m\/public\/aurora\/2023\/05\/283454.jpeg?itok=wO0PCK-7 1x\u0022 media=\u0022(min-width: 48.0625em) and (max-width: 64em)\u0022 type=\u0022image\/jpeg\u0022 width=\u0022323\u0022 height=\u0022182\u0022\/\u003E\n                  \u003Csource srcset=\u0022\/sites\/default\/files\/styles\/teaser_standard__l\/public\/aurora\/2023\/05\/283454.jpeg?itok=d-lJ46vZ 1x\u0022 media=\u0022(min-width: 64.0625em)\u0022 type=\u0022image\/jpeg\u0022 width=\u0022203\u0022 height=\u0022114\u0022\/\u003E\n                          \u003Cimg alt=\u0022Im kostenlosen Webinar zum Cashflow-Management lernen Planer von \u00d6kostromprojekten, wie sie mit Einfl\u00fcssen wie Krieg und schwankenden Rohstoffpreisen umgehen k\u00f6nnen.\u0022 loading=\u0022eager\u0022 data-caption-hide width=\u0022708\u0022 height=\u0022398\u0022 data-zoomed=\u0022https:\/\/www.future-watt.de\/sites\/default\/files\/styles\/content__zoomed\/public\/aurora\/2023\/05\/283454.jpeg?itok=7R5Gl9iA\u0022 src=\u0022\/sites\/default\/files\/styles\/teaser_standard__s\/public\/aurora\/2023\/05\/283454.jpeg?itok=_UA3xbBh\u0022 title=\u0022\u00a9 Agicap\n\u0022 \/\u003E\n\n    \u003C\/picture\u003E\n      \u003Cfigcaption class=\u0022image--figcaption\u0022\u003E\n          \u003Cdiv class=\u0022copyright\u0022\u003EAgicap\n\u003C\/div\u003E\n          \u003C\/figcaption\u003E\n\u003C\/figure\u003E\n\n\n    \u003C\/div\u003E\n    \u003Cdiv class=\u0022teaser-content\u0022\u003E\n                    \u003Cdiv class=\u0022teaser-content--kicker\u0022\u003E\n                    \n        \u003C\/div\u003E\n                                              \n                        \n        \u003Ch4 class=\u0022teaser-content--headline\u0022\u003E\n                                Die Geldfl\u00fcsse unter Kontrolle behalten \u2013 Aufzeichnung des Webinars jetzt \n                              \u003Cspan class=\u0022headline-last-word-arrow\u0022\u003Everf\u00fcgbar                      \u003C\/span\u003E\n        \u003C\/h4\u003E\n            \u003Cdiv class=\u0022teaser-content--publishing-date\u0022\u003E\u003Ctime datetime=\u00222023-05-30T12:30:02Z\u0022\u003E30.05.2023\u003C\/time\u003E\n\u003C\/div\u003E\u003Cspan class=\u0022teaser-content--publishing-date-divider\u0022\u003E - \u003C\/span\u003E\u003Cdiv class=\u0022teaser-content--body\u0022\u003E\u003Cp\u003EWie k\u00f6nnen Planer, Errichter und Betriebsf\u00fchrer von Solar- und Windkraftanlagen ihre Geldfl\u00fcsse immer im Blick behalten? Diese Frage stand im Mittelpunkt unseres Webinars mit Agicap. Schauen Sie sich das Webinar als Aufzeichnung an.\u003C\/p\u003E\n\u003C\/div\u003E\n                        \u003Cspan class=\u0022read-more-arrow-container\u0022\u003E\n            \u003Cspan class=\u0022read-more-angled-arrow\u0022\u003E \u003C\/span\u003E\n          \u003C\/span\u003E\n                  \u003C\/div\u003E\n    \u003C\/a\u003E\n\u003Ca href=\u0022https:\/\/events.gentner.de\/de\/aufzeichnung-wie-koennen-om-trotz-fachkraeftemangel-wachsen\u0022  class=\u0022teaser teaser--standard\u0022 aria-label=\u0022Webinar-Aufzeichnung I Wie k\u00f6nnen O\u0026amp;M trotz Fachkr\u00e4ftemangel wachsen? [07.03.2023]\u0022\u003E\n      \u003Cdiv class=\u0022teaser-content--image\u0022\u003E\n        \u003Cfigure class=\u0022image--figure\u0022\u003E\n        \u003Cpicture\u003E\n                        \u003Csource srcset=\u0022\/sites\/default\/files\/styles\/teaser_standard__m\/public\/aurora\/2023\/03\/265143.png.webp?itok=HXm-eVmG 1x\u0022 media=\u0022(min-width: 48.0625em) and (max-width: 64em)\u0022 type=\u0022image\/webp\u0022 width=\u0022323\u0022 height=\u0022180\u0022\/\u003E\n                  \u003Csource srcset=\u0022\/sites\/default\/files\/styles\/teaser_standard__l\/public\/aurora\/2023\/03\/265143.png.webp?itok=6HlLxooA 1x\u0022 media=\u0022(min-width: 64.0625em)\u0022 type=\u0022image\/webp\u0022 width=\u0022203\u0022 height=\u0022113\u0022\/\u003E\n                  \u003Csource srcset=\u0022\/sites\/default\/files\/styles\/teaser_standard__m\/public\/aurora\/2023\/03\/265143.png?itok=HkYyPgcp 1x\u0022 media=\u0022(min-width: 48.0625em) and (max-width: 64em)\u0022 type=\u0022image\/png\u0022 width=\u0022323\u0022 height=\u0022180\u0022\/\u003E\n                  \u003Csource srcset=\u0022\/sites\/default\/files\/styles\/teaser_standard__l\/public\/aurora\/2023\/03\/265143.png?itok=pjtSMFHv 1x\u0022 media=\u0022(min-width: 64.0625em)\u0022 type=\u0022image\/png\u0022 width=\u0022203\u0022 height=\u0022113\u0022\/\u003E\n                          \u003Cimg loading=\u0022eager\u0022 data-caption-hide width=\u0022708\u0022 height=\u0022395\u0022 data-zoomed=\u0022https:\/\/www.future-watt.de\/sites\/default\/files\/styles\/content__zoomed\/public\/aurora\/2023\/03\/265143.png?itok=_7bgfE2p\u0022 src=\u0022\/sites\/default\/files\/styles\/teaser_standard__s\/public\/aurora\/2023\/03\/265143.png?itok=pZkhsWOF\u0022 alt=\u0022\u0022 title=\u0022\u00a9 ampere.cloud GmbH\n\u0022 \/\u003E\n\n    \u003C\/picture\u003E\n      \u003Cfigcaption class=\u0022image--figcaption\u0022\u003E\n          \u003Cdiv class=\u0022copyright\u0022\u003Eampere.cloud GmbH\n\u003C\/div\u003E\n          \u003C\/figcaption\u003E\n\u003C\/figure\u003E\n\n\n    \u003C\/div\u003E\n    \u003Cdiv class=\u0022teaser-content\u0022\u003E\n                    \u003Cdiv class=\u0022teaser-content--kicker\u0022\u003E\n                    \n        \u003C\/div\u003E\n                                              \n                        \n        \u003Ch4 class=\u0022teaser-content--headline\u0022\u003E\n                                Webinar-Aufzeichnung I Wie k\u00f6nnen O\u0026amp;M trotz Fachkr\u00e4ftemangel wachsen? \n                              \u003Cspan class=\u0022headline-last-word-arrow\u0022\u003E[07.03.2023]                      \u003C\/span\u003E\n        \u003C\/h4\u003E\n            \u003Cdiv class=\u0022teaser-content--publishing-date\u0022\u003E\u003Ctime datetime=\u00222023-03-07T14:00:02Z\u0022\u003E07.03.2023\u003C\/time\u003E\n\u003C\/div\u003E\u003Cspan class=\u0022teaser-content--publishing-date-divider\u0022\u003E - \u003C\/span\u003E\u003Cdiv class=\u0022teaser-content--body\u0022\u003E\u003Cp\u003EIn der Webinar-Aufzeichnung mit Amperecloud erfahren Sie, wie technische Betriebsf\u00fchrer Wartung und Betrieb (O\u0026amp;M) ihres Anlagenportfolios effizienter gestalten k\u00f6nnen. Welche T\u00e4tigkeiten k\u00f6nnen intelligent verschlankt und durch eine Software automatisch bearbeitet werden? So l\u00e4sst sich der Fachkr\u00e4ftemangel besser bew\u00e4ltigen.\u003C\/p\u003E\n\u003C\/div\u003E\n                        \u003Cspan class=\u0022read-more-arrow-container\u0022\u003E\n            \u003Cspan class=\u0022read-more-angled-arrow\u0022\u003E \u003C\/span\u003E\n          \u003C\/span\u003E\n                  \u003C\/div\u003E\n    \u003C\/a\u003E\n\u003Ca href=\u0022https:\/\/events.gentner.de\/frontend\/de\/#\/catalog\/course\/1461904?key=s0785k68ydt02s04xposr4hjp8fswjq8jdq\u0022  class=\u0022teaser teaser--standard\u0022 aria-label=\u0022Webinar-Aufzeichnung: Innend\u00e4mmung beim Fachwerk \u2013 energetische und bauphysikalische Herausforderungen [01.03.2023]\u0022\u003E\n      \u003Cdiv class=\u0022teaser-content--image\u0022\u003E\n              \u003Cpicture\u003E\n                        \u003Csource srcset=\u0022\/sites\/default\/files\/styles\/teaser_standard__m\/public\/2025-01\/8_2.png.webp?itok=DFWIQDyM 1x\u0022 media=\u0022(min-width: 48.0625em) and (max-width: 64em)\u0022 type=\u0022image\/webp\u0022 width=\u0022323\u0022 height=\u0022174\u0022\/\u003E\n                  \u003Csource srcset=\u0022\/sites\/default\/files\/styles\/teaser_standard__l\/public\/2025-01\/8_2.png.webp?itok=6fMQLA-m 1x\u0022 media=\u0022(min-width: 64.0625em)\u0022 type=\u0022image\/webp\u0022 width=\u0022203\u0022 height=\u0022109\u0022\/\u003E\n                  \u003Csource srcset=\u0022\/sites\/default\/files\/styles\/teaser_standard__m\/public\/2025-01\/8_2.png?itok=295yQjMn 1x\u0022 media=\u0022(min-width: 48.0625em) and (max-width: 64em)\u0022 type=\u0022image\/png\u0022 width=\u0022323\u0022 height=\u0022174\u0022\/\u003E\n                  \u003Csource srcset=\u0022\/sites\/default\/files\/styles\/teaser_standard__l\/public\/2025-01\/8_2.png?itok=lGK9Ne_n 1x\u0022 media=\u0022(min-width: 64.0625em)\u0022 type=\u0022image\/png\u0022 width=\u0022203\u0022 height=\u0022109\u0022\/\u003E\n                          \u003Cimg loading=\u0022eager\u0022 data-caption-hide width=\u0022708\u0022 height=\u0022381\u0022 data-zoomed=\u0022https:\/\/www.future-watt.de\/sites\/default\/files\/styles\/content__zoomed\/public\/2025-01\/8_2.png?itok=izCbXrbp\u0022 src=\u0022\/sites\/default\/files\/styles\/teaser_standard__s\/public\/2025-01\/8_2.png?itok=Wexkie3n\u0022 alt=\u0022\u0022 title=\u0022Alt-Text: \u201eDetailaufnahme von rustikalen Holzbalken an einer wei\u00dfen Wand, erg\u00e4nzt durch einen roten Block und das Logo des \u201aGeb\u00e4ude Energieberaters\u2018 auf der rechten Seite. Dieses Bild symbolisiert die Verbindung traditioneller Geb\u00e4udeelemente mit modernen Energieeffizienzl\u00f6sungen und spiegelt zentrale Themen wie technische Geb\u00e4udeausr\u00fcstung und Sanierungspraxis erweitert.\u0022 \/\u003E\n\n    \u003C\/picture\u003E\n    \n\n    \u003C\/div\u003E\n    \u003Cdiv class=\u0022teaser-content\u0022\u003E\n                    \u003Cdiv class=\u0022teaser-content--kicker\u0022\u003E\n                    \n        \u003C\/div\u003E\n                                              \n                        \n        \u003Ch4 class=\u0022teaser-content--headline\u0022\u003E\n                                Webinar-Aufzeichnung: Innend\u00e4mmung beim Fachwerk \u2013 energetische und bauphysikalische Herausforderungen \n                              \u003Cspan class=\u0022headline-last-word-arrow\u0022\u003E[01.03.2023]                      \u003C\/span\u003E\n        \u003C\/h4\u003E\n            \u003Cdiv class=\u0022teaser-content--publishing-date\u0022\u003E\u003Ctime datetime=\u00222023-03-02T08:12:44Z\u0022\u003E02.03.2023\u003C\/time\u003E\n\u003C\/div\u003E\u003Cspan class=\u0022teaser-content--publishing-date-divider\u0022\u003E - \u003C\/span\u003E\u003Cdiv class=\u0022teaser-content--body\u0022\u003E\u003Cp\u003EIn der Webinar-Aufzeichnung wird der aktuelle Stand der Fachwerkinstandsetzung aus bauphysikalischer Sicht erl\u00e4utert: Was ist zu beachten? Was ist sinnvoll? Und sind diese Ausf\u00fchrungen auch zukunftstauglich hinsichtlich Energieeffizienz und Nachhaltigkeit? Neben allgemeinen Hinweisen zum Thema wird ein aktuelles Forschungsprojekt vorgestellt, in dem insbesondere Fragen k\u00fcnftiger D\u00e4mmsysteme untersucht werden sollen.\u0026nbsp;\u003C\/p\u003E\n\u003C\/div\u003E\n                        \u003Cspan class=\u0022read-more-arrow-container\u0022\u003E\n            \u003Cspan class=\u0022read-more-angled-arrow\u0022\u003E \u003C\/span\u003E\n          \u003C\/span\u003E\n                  \u003C\/div\u003E\n    \u003C\/a\u003E\n\u003Ca href=\u0022https:\/\/www.erneuerbareenergien.de\/energieversorger\/energiekonzerne\/so-ist-direktvermarktung-profitabel\u0022  class=\u0022teaser teaser--standard\u0022 aria-label=\u0022So ist Direktvermarktung profitabel\u0022\u003E\n      \u003Cdiv class=\u0022teaser-content--image\u0022\u003E\n        \u003Cfigure class=\u0022image--figure\u0022\u003E\n        \u003Cpicture\u003E\n                        \u003Csource srcset=\u0022\/sites\/default\/files\/styles\/teaser_standard__m\/public\/aurora\/2024\/10\/234956.jpeg.webp?itok=B7NOeFRs 1x\u0022 media=\u0022(min-width: 48.0625em) and (max-width: 64em)\u0022 type=\u0022image\/webp\u0022 width=\u0022323\u0022 height=\u0022125\u0022\/\u003E\n                  \u003Csource srcset=\u0022\/sites\/default\/files\/styles\/teaser_standard__l\/public\/aurora\/2024\/10\/234956.jpeg.webp?itok=xLL8gIDf 1x\u0022 media=\u0022(min-width: 64.0625em)\u0022 type=\u0022image\/webp\u0022 width=\u0022203\u0022 height=\u002279\u0022\/\u003E\n                  \u003Csource srcset=\u0022\/sites\/default\/files\/styles\/teaser_standard__m\/public\/aurora\/2024\/10\/234956.jpeg?itok=zyMaKCli 1x\u0022 media=\u0022(min-width: 48.0625em) and (max-width: 64em)\u0022 type=\u0022image\/jpeg\u0022 width=\u0022323\u0022 height=\u0022125\u0022\/\u003E\n                  \u003Csource srcset=\u0022\/sites\/default\/files\/styles\/teaser_standard__l\/public\/aurora\/2024\/10\/234956.jpeg?itok=UbFBCi5d 1x\u0022 media=\u0022(min-width: 64.0625em)\u0022 type=\u0022image\/jpeg\u0022 width=\u0022203\u0022 height=\u002279\u0022\/\u003E\n                          \u003Cimg alt=\u0022Webinar mit Leag Energy Cubes (Bild unten links, von links nach rechts): Christian F\u00fcnfgeld, Harald Altmann, Philipp Schwerdtner\u0022 loading=\u0022eager\u0022 data-caption-hide width=\u0022708\u0022 height=\u0022275\u0022 data-zoomed=\u0022https:\/\/www.future-watt.de\/sites\/default\/files\/styles\/content__zoomed\/public\/aurora\/2024\/10\/234956.jpeg?itok=u_CFf2zq\u0022 src=\u0022\/sites\/default\/files\/styles\/teaser_standard__s\/public\/aurora\/2024\/10\/234956.jpeg?itok=BQzcF-Iz\u0022 title=\u0022\u00a9 Foto: Screenshot - ERNEUERBARE ENERGIEN\u0022 \/\u003E\n\n    \u003C\/picture\u003E\n      \u003Cfigcaption class=\u0022image--figcaption\u0022\u003E\n          \u003Cdiv class=\u0022copyright\u0022\u003EFoto: Screenshot - ERNEUERBARE ENERGIEN\u003C\/div\u003E\n          \u003C\/figcaption\u003E\n\u003C\/figure\u003E\n\n\n    \u003C\/div\u003E\n    \u003Cdiv class=\u0022teaser-content\u0022\u003E\n                    \u003Cdiv class=\u0022teaser-content--kicker\u0022\u003E\n                    \n        \u003C\/div\u003E\n                                              \n                        \n        \u003Ch4 class=\u0022teaser-content--headline\u0022\u003E\n                                So ist Direktvermarktung \n                              \u003Cspan class=\u0022headline-last-word-arrow\u0022\u003Eprofitabel              \u003Cspan\n                  class=\u0022permission-lock permission-lock-icon--\u0022\u003E\u003C\/span\u003E\n                                  \u003C\/span\u003E\n        \u003C\/h4\u003E\n            \u003Cdiv class=\u0022teaser-content--publishing-date\u0022\u003E\u003Ctime datetime=\u00222022-10-27T14:20:55Z\u0022\u003E27.10.2022\u003C\/time\u003E\n\u003C\/div\u003E\u003Cspan class=\u0022teaser-content--publishing-date-divider\u0022\u003E - \u003C\/span\u003E\u003Cdiv class=\u0022teaser-content--body\u0022\u003E\u003Cp\u003EAn der Stromb\u00f6rse lassen sich seit einem Jahr beste Marktwerte erzielen. Doch daran hat nur Freude, wer auch mit den Risiken gut umgeht, erkl\u00e4rte Leag Energy Cubes in unserem Webinar\u003C\/p\u003E\n\u003C\/div\u003E\n                        \u003Cspan class=\u0022read-more-arrow-container\u0022\u003E\n            \u003Cspan class=\u0022read-more-angled-arrow\u0022\u003E \u003C\/span\u003E\n          \u003C\/span\u003E\n                  \u003C\/div\u003E\n    \u003C\/a\u003E\n\u003Ca href=\u0022https:\/\/www.erneuerbareenergien.de\/energieversorger\/kommunen\/waermenetze-investitionsbeihilfen-von-bis-zu-40-prozent\u0022  class=\u0022teaser teaser--standard\u0022 aria-label=\u0022W\u00e4rmenetze:\u00a0Investitionsbeihilfen von bis zu 40 Prozent\u0022\u003E\n      \u003Cdiv class=\u0022teaser-content--image\u0022\u003E\n        \u003Cfigure class=\u0022image--figure\u0022\u003E\n        \u003Cpicture\u003E\n                        \u003Csource srcset=\u0022\/sites\/default\/files\/styles\/teaser_standard__m\/public\/aurora\/2022\/08\/216305.jpeg.webp?itok=3h_YET5C 1x\u0022 media=\u0022(min-width: 48.0625em) and (max-width: 64em)\u0022 type=\u0022image\/webp\u0022 width=\u0022323\u0022 height=\u0022213\u0022\/\u003E\n                  \u003Csource srcset=\u0022\/sites\/default\/files\/styles\/teaser_standard__l\/public\/aurora\/2022\/08\/216305.jpeg.webp?itok=vMjlD926 1x\u0022 media=\u0022(min-width: 64.0625em)\u0022 type=\u0022image\/webp\u0022 width=\u0022203\u0022 height=\u0022134\u0022\/\u003E\n                  \u003Csource srcset=\u0022\/sites\/default\/files\/styles\/teaser_standard__m\/public\/aurora\/2022\/08\/216305.jpeg?itok=uQUpoJFo 1x\u0022 media=\u0022(min-width: 48.0625em) and (max-width: 64em)\u0022 type=\u0022image\/jpeg\u0022 width=\u0022323\u0022 height=\u0022213\u0022\/\u003E\n                  \u003Csource srcset=\u0022\/sites\/default\/files\/styles\/teaser_standard__l\/public\/aurora\/2022\/08\/216305.jpeg?itok=3OqJBQmV 1x\u0022 media=\u0022(min-width: 64.0625em)\u0022 type=\u0022image\/jpeg\u0022 width=\u0022203\u0022 height=\u0022134\u0022\/\u003E\n                          \u003Cimg alt=\u0022Antragsberechtigt sind Betreiber von W\u00e4rmenetzen und solche, die es werden wollen. Investitionsbeihilfen in H\u00f6he von bis zu 40 Prozent sind m\u00f6glich.\u0022 loading=\u0022eager\u0022 data-caption-hide width=\u0022602\u0022 height=\u0022398\u0022 data-zoomed=\u0022https:\/\/www.future-watt.de\/sites\/default\/files\/styles\/content__zoomed\/public\/aurora\/2022\/08\/216305.jpeg?itok=6Ws2giD3\u0022 src=\u0022\/sites\/default\/files\/styles\/teaser_standard__s\/public\/aurora\/2022\/08\/216305.jpeg?itok=gIeJ6-Y5\u0022 title=\u0022\u00a9 Kara - stock.adobe.com\n\u0022 \/\u003E\n\n    \u003C\/picture\u003E\n      \u003Cfigcaption class=\u0022image--figcaption\u0022\u003E\n          \u003Cdiv class=\u0022copyright\u0022\u003EKara - stock.adobe.com\n\u003C\/div\u003E\n          \u003C\/figcaption\u003E\n\u003C\/figure\u003E\n\n\n    \u003C\/div\u003E\n    \u003Cdiv class=\u0022teaser-content\u0022\u003E\n                    \u003Cdiv class=\u0022teaser-content--kicker\u0022\u003E\n                    \n        \u003C\/div\u003E\n                                              \n                        \n        \u003Ch4 class=\u0022teaser-content--headline\u0022\u003E\n                                W\u00e4rmenetze:\u00a0Investitionsbeihilfen von bis zu 40 \n                              \u003Cspan class=\u0022headline-last-word-arrow\u0022\u003EProzent                      \u003C\/span\u003E\n        \u003C\/h4\u003E\n            \u003Cdiv class=\u0022teaser-content--publishing-date\u0022\u003E\u003Ctime datetime=\u00222022-08-12T13:46:12Z\u0022\u003E12.08.2022\u003C\/time\u003E\n\u003C\/div\u003E\u003Cspan class=\u0022teaser-content--publishing-date-divider\u0022\u003E - \u003C\/span\u003E\u003Cdiv class=\u0022teaser-content--body\u0022\u003E\u003Cp\u003EDie Europ\u00e4ische Kommission hat\u0026nbsp; die deutsche Regelung zur finanziellen F\u00f6rderung gr\u00fcner Fernw\u00e4rme gebilligt.\u0026nbsp;Die Bundesf\u00f6rderung f\u00fcr effiziente W\u00e4rmenetze (BEW) soll k\u00fcnftig den Ausbau von W\u00e4rmenetzen auf Basis erneuerbarer Energien und Abw\u00e4rme vorantreiben.\u003C\/p\u003E\n\u003C\/div\u003E\n                        \u003Cspan class=\u0022read-more-arrow-container\u0022\u003E\n            \u003Cspan class=\u0022read-more-angled-arrow\u0022\u003E \u003C\/span\u003E\n          \u003C\/span\u003E\n                  \u003C\/div\u003E\n    \u003C\/a\u003E\n\u003Ca href=\u0022https:\/\/events.gentner.de\/frontend\/de\/#\/catalog\/course\/1466107?key=s0785k68ydt02s04xposr4hjp8fswjq8jdq\u0022  class=\u0022teaser teaser--standard\u0022 aria-label=\u0022Webinar-Aufzeichnung | GEB Webinar:  Contracting f\u00fcr Sozialeinrichtungen als Gesch\u00e4ftsfeld der Energieberatung [24.05.2022]\u0022\u003E\n      \u003Cdiv class=\u0022teaser-content--image\u0022\u003E\n              \u003Cpicture\u003E\n                        \u003Csource srcset=\u0022\/sites\/default\/files\/styles\/teaser_standard__m\/public\/2025-01\/3_4.png.webp?itok=lQv08_XO 1x\u0022 media=\u0022(min-width: 48.0625em) and (max-width: 64em)\u0022 type=\u0022image\/webp\u0022 width=\u0022323\u0022 height=\u0022174\u0022\/\u003E\n                  \u003Csource srcset=\u0022\/sites\/default\/files\/styles\/teaser_standard__l\/public\/2025-01\/3_4.png.webp?itok=mnYW9lZu 1x\u0022 media=\u0022(min-width: 64.0625em)\u0022 type=\u0022image\/webp\u0022 width=\u0022203\u0022 height=\u0022109\u0022\/\u003E\n                  \u003Csource srcset=\u0022\/sites\/default\/files\/styles\/teaser_standard__m\/public\/2025-01\/3_4.png?itok=sB3eb3iW 1x\u0022 media=\u0022(min-width: 48.0625em) and (max-width: 64em)\u0022 type=\u0022image\/png\u0022 width=\u0022323\u0022 height=\u0022174\u0022\/\u003E\n                  \u003Csource srcset=\u0022\/sites\/default\/files\/styles\/teaser_standard__l\/public\/2025-01\/3_4.png?itok=p-DLbHbx 1x\u0022 media=\u0022(min-width: 64.0625em)\u0022 type=\u0022image\/png\u0022 width=\u0022203\u0022 height=\u0022109\u0022\/\u003E\n                          \u003Cimg loading=\u0022eager\u0022 data-caption-hide width=\u0022708\u0022 height=\u0022381\u0022 data-zoomed=\u0022https:\/\/www.future-watt.de\/sites\/default\/files\/styles\/content__zoomed\/public\/2025-01\/3_4.png?itok=E0XBTZHz\u0022 src=\u0022\/sites\/default\/files\/styles\/teaser_standard__s\/public\/2025-01\/3_4.png?itok=iL_iIf1b\u0022 alt=\u0022\u0022 title=\u0022Alt-Text: \u201eZwei Fachkr\u00e4fte diskutieren ein Energieeffizienzkonzept an einem Tisch, mit dem Logo \u201aGeb\u00e4ude Energieberater\u2018 rechts im Bild. Schwerpunkt liegt auf technischer Geb\u00e4udeausr\u00fcstung und rechtlichen Vorgaben zur Anlagentechnik.\u0022 \/\u003E\n\n    \u003C\/picture\u003E\n    \n\n    \u003C\/div\u003E\n    \u003Cdiv class=\u0022teaser-content\u0022\u003E\n                    \u003Cdiv class=\u0022teaser-content--kicker\u0022\u003E\n                    \n        \u003C\/div\u003E\n                                              \n                        \n        \u003Ch4 class=\u0022teaser-content--headline\u0022\u003E\n                                Webinar-Aufzeichnung | GEB Webinar:  Contracting f\u00fcr Sozialeinrichtungen als Gesch\u00e4ftsfeld der Energieberatung \n                              \u003Cspan class=\u0022headline-last-word-arrow\u0022\u003E[24.05.2022]                      \u003C\/span\u003E\n        \u003C\/h4\u003E\n            \u003Cdiv class=\u0022teaser-content--publishing-date\u0022\u003E\u003Ctime datetime=\u00222022-05-24T09:57:06Z\u0022\u003E24.05.2022\u003C\/time\u003E\n\u003C\/div\u003E\u003Cspan class=\u0022teaser-content--publishing-date-divider\u0022\u003E - \u003C\/span\u003E\u003Cdiv class=\u0022teaser-content--body\u0022\u003E\u003Cp\u003EIn der Aufzeichnung werden \u0026nbsp;praxistaugliche Gesch\u00e4ftsmodelle f\u00fcr Energiedienstleistungen und Tools, die mit Sozialeinrichtungen, Contractoren und Energieberatern entwickelt wurden erl\u00e4utert . Sie lernen die besonderen Gegebenheiten f\u00fcr Effizienzprojekte mit Sozialeinrichtungen und neu entwickelte, kostenfreie Praxis-Tools (u.a. Handreichung und Vertriebs-Checkliste) kennen.\u003C\/p\u003E\n\u003C\/div\u003E\n                        \u003Cspan class=\u0022read-more-arrow-container\u0022\u003E\n            \u003Cspan class=\u0022read-more-angled-arrow\u0022\u003E \u003C\/span\u003E\n          \u003C\/span\u003E\n                  \u003C\/div\u003E\n    \u003C\/a\u003E\n\u003Ca href=\u0022https:\/\/www.erneuerbareenergien.de\/markt\/regenerativanlage-finanzieren-und-dabei-direktvermarkter-finden\u0022  class=\u0022teaser teaser--standard\u0022 aria-label=\u0022Regenerativanlage finanzieren und dabei Direktvermarkter finden\u00a0\u0022\u003E\n      \u003Cdiv class=\u0022teaser-content--image\u0022\u003E\n        \u003Cfigure class=\u0022image--figure\u0022\u003E\n        \u003Cpicture\u003E\n                        \u003Csource srcset=\u0022\/sites\/default\/files\/styles\/teaser_standard__m\/public\/aurora\/2022\/04\/186462.png.webp?itok=oBbFsXAi 1x\u0022 media=\u0022(min-width: 48.0625em) and (max-width: 64em)\u0022 type=\u0022image\/webp\u0022 width=\u0022323\u0022 height=\u0022173\u0022\/\u003E\n                  \u003Csource srcset=\u0022\/sites\/default\/files\/styles\/teaser_standard__l\/public\/aurora\/2022\/04\/186462.png.webp?itok=Wz8K3vus 1x\u0022 media=\u0022(min-width: 64.0625em)\u0022 type=\u0022image\/webp\u0022 width=\u0022203\u0022 height=\u0022109\u0022\/\u003E\n                  \u003Csource srcset=\u0022\/sites\/default\/files\/styles\/teaser_standard__m\/public\/aurora\/2022\/04\/186462.png?itok=-XXzjB3n 1x\u0022 media=\u0022(min-width: 48.0625em) and (max-width: 64em)\u0022 type=\u0022image\/png\u0022 width=\u0022323\u0022 height=\u0022173\u0022\/\u003E\n                  \u003Csource srcset=\u0022\/sites\/default\/files\/styles\/teaser_standard__l\/public\/aurora\/2022\/04\/186462.png?itok=6c8rrE1E 1x\u0022 media=\u0022(min-width: 64.0625em)\u0022 type=\u0022image\/png\u0022 width=\u0022203\u0022 height=\u0022109\u0022\/\u003E\n                          \u003Cimg alt=\u0022Unser Redakteur\u00a0Tilman Weber moderierte das Webinar von EnBW zum Thema Direktvermarktung. Jan Bauer referierte als Experte f\u00fcr das Thema vonseiten der EnBW.\u0022 loading=\u0022eager\u0022 data-caption-hide width=\u0022708\u0022 height=\u0022379\u0022 data-zoomed=\u0022https:\/\/www.future-watt.de\/sites\/default\/files\/styles\/content__zoomed\/public\/aurora\/2022\/04\/186462.png?itok=MCGGtIie\u0022 src=\u0022\/sites\/default\/files\/styles\/teaser_standard__s\/public\/aurora\/2022\/04\/186462.png?itok=OFdXXJPF\u0022 title=\u0022\u00a9 Screenshot GENTNER\n\u0022 \/\u003E\n\n    \u003C\/picture\u003E\n      \u003Cfigcaption class=\u0022image--figcaption\u0022\u003E\n          \u003Cdiv class=\u0022copyright\u0022\u003EScreenshot GENTNER\n\u003C\/div\u003E\n          \u003C\/figcaption\u003E\n\u003C\/figure\u003E\n\n\n    \u003C\/div\u003E\n    \u003Cdiv class=\u0022teaser-content\u0022\u003E\n                    \u003Cdiv class=\u0022teaser-content--kicker\u0022\u003E\n                    \n        \u003C\/div\u003E\n                                              \n                        \n        \u003Ch4 class=\u0022teaser-content--headline\u0022\u003E\n                                Regenerativanlage finanzieren und dabei Direktvermarkter \n                              \u003Cspan class=\u0022headline-last-word-arrow\u0022\u003Efinden\u00a0                      \u003C\/span\u003E\n        \u003C\/h4\u003E\n            \u003Cdiv class=\u0022teaser-content--publishing-date\u0022\u003E\u003Ctime datetime=\u00222022-04-06T14:02:16Z\u0022\u003E06.04.2022\u003C\/time\u003E\n\u003C\/div\u003E\u003Cspan class=\u0022teaser-content--publishing-date-divider\u0022\u003E - \u003C\/span\u003E\u003Cdiv class=\u0022teaser-content--body\u0022\u003E\u003Cp\u003EWebinar-Aufzeichnung jetzt kostenlos abrufen: Direktvermarktung als Wettbewerbsvorteil bei der Finanzierung von Erneuerbare-Energien-Projekten am Praxisbeispiel DKB.\u003C\/p\u003E\n\u003C\/div\u003E\n                        \u003Cspan class=\u0022read-more-arrow-container\u0022\u003E\n            \u003Cspan class=\u0022read-more-angled-arrow\u0022\u003E \u003C\/span\u003E\n          \u003C\/span\u003E\n                  \u003C\/div\u003E\n    \u003C\/a\u003E\n\u003Ca href=\u0022https:\/\/www.erneuerbareenergien.de\/energiemarkt\/energierecht\/webinar-ppa-gute-situation-fuer-ppa-abschluesse\u0022  class=\u0022teaser teaser--standard\u0022 aria-label=\u0022Gute Situation f\u00fcr PPA-Abschl\u00fcsse\u00a0\u0022\u003E\n      \u003Cdiv class=\u0022teaser-content--image\u0022\u003E\n        \u003Cfigure class=\u0022image--figure\u0022\u003E\n        \u003Cpicture\u003E\n                        \u003Csource srcset=\u0022\/sites\/default\/files\/styles\/teaser_standard__m\/public\/aurora\/2021\/12\/160453.jpeg.webp?itok=7Rgrh5Hu 1x\u0022 media=\u0022(min-width: 48.0625em) and (max-width: 64em)\u0022 type=\u0022image\/webp\u0022 width=\u0022275\u0022 height=\u0022242\u0022\/\u003E\n                  \u003Csource srcset=\u0022\/sites\/default\/files\/styles\/teaser_standard__l\/public\/aurora\/2021\/12\/160453.jpeg.webp?itok=BVR90H2z 1x\u0022 media=\u0022(min-width: 64.0625em)\u0022 type=\u0022image\/webp\u0022 width=\u0022173\u0022 height=\u0022152\u0022\/\u003E\n                  \u003Csource srcset=\u0022\/sites\/default\/files\/styles\/teaser_standard__m\/public\/aurora\/2021\/12\/160453.jpeg?itok=lVOPTdDq 1x\u0022 media=\u0022(min-width: 48.0625em) and (max-width: 64em)\u0022 type=\u0022image\/jpeg\u0022 width=\u0022275\u0022 height=\u0022242\u0022\/\u003E\n                  \u003Csource srcset=\u0022\/sites\/default\/files\/styles\/teaser_standard__l\/public\/aurora\/2021\/12\/160453.jpeg?itok=PI0NDRxR 1x\u0022 media=\u0022(min-width: 64.0625em)\u0022 type=\u0022image\/jpeg\u0022 width=\u0022173\u0022 height=\u0022152\u0022\/\u003E\n                          \u003Cimg alt=\u0022Screenshot des Webinars \u0026quot;Tipps und Tricks f\u00fcr wirtschaftlich lukrative PPA-Abschl\u00fcsse\u0026quot; mit den Axpo-Experten am Mittwoch von 16 bis 17.30 Uhr\u0022 loading=\u0022eager\u0022 data-caption-hide width=\u0022453\u0022 height=\u0022398\u0022 data-zoomed=\u0022https:\/\/www.future-watt.de\/sites\/default\/files\/styles\/content__zoomed\/public\/aurora\/2021\/12\/160453.jpeg?itok=sdx6lWJ5\u0022 src=\u0022\/sites\/default\/files\/styles\/teaser_standard__s\/public\/aurora\/2021\/12\/160453.jpeg?itok=F92GlUXH\u0022 title=\u0022\u00a9 Screenshot ERNEUERBARE ENERGIEN\n\u0022 \/\u003E\n\n    \u003C\/picture\u003E\n      \u003Cfigcaption class=\u0022image--figcaption\u0022\u003E\n          \u003Cdiv class=\u0022copyright\u0022\u003EScreenshot ERNEUERBARE ENERGIEN\n\u003C\/div\u003E\n          \u003C\/figcaption\u003E\n\u003C\/figure\u003E\n\n\n    \u003C\/div\u003E\n    \u003Cdiv class=\u0022teaser-content\u0022\u003E\n                    \u003Cdiv class=\u0022teaser-content--kicker\u0022\u003E\n                    Webinar PPA\n        \u003C\/div\u003E\n                                              \n                        \n        \u003Ch4 class=\u0022teaser-content--headline\u0022\u003E\n                                Gute Situation f\u00fcr \n                              \u003Cspan class=\u0022headline-last-word-arrow\u0022\u003EPPA-Abschl\u00fcsse\u00a0                      \u003C\/span\u003E\n        \u003C\/h4\u003E\n            \u003Cdiv class=\u0022teaser-content--publishing-date\u0022\u003E\u003Ctime datetime=\u00222022-03-24T21:01:06Z\u0022\u003E24.03.2022\u003C\/time\u003E\n\u003C\/div\u003E\u003Cspan class=\u0022teaser-content--publishing-date-divider\u0022\u003E - \u003C\/span\u003E\u003Cdiv class=\u0022teaser-content--body\u0022\u003E\u003Cp\u003EErkenntnis vom PPA-Webinar: J\u00fcngste Handelshochpreise verhei\u00dfen Erzeugern gut dotierte Gr\u00fcnstromliefervertr\u00e4ge. Auch lange Trends lassen es noch zu.\u003C\/p\u003E\n\u003C\/div\u003E\n                        \u003Cspan class=\u0022read-more-arrow-container\u0022\u003E\n            \u003Cspan class=\u0022read-more-angled-arrow\u0022\u003E \u003C\/span\u003E\n          \u003C\/span\u003E\n                  \u003C\/div\u003E\n    \u003C\/a\u003E\n","entity_type":"node","used_ids":[""],"show_more":""}]